[{"@context":"https:\/\/schema.org\/","@type":"Article","@id":"https:\/\/www.bsot.cz\/svatecni-nakupovani\/#Article","mainEntityOfPage":"https:\/\/www.bsot.cz\/svatecni-nakupovani\/","headline":"Sv\u00e1te\u010dn\u00ed nakupov\u00e1n\u00ed","name":"Sv\u00e1te\u010dn\u00ed nakupov\u00e1n\u00ed","description":"Jak jist\u011b v\u00edte, v ned\u00e1vn\u00e9 dob\u011b byla velk\u00e1 debata o<span class=\"more-dots\"><a href=\"https:\/\/www.bsot.cz\/svatecni-nakupovani\/\">[ ... ]<\/span><\/a>","datePublished":"2019-12-02","dateModified":"2023-05-24","author":{"@type":"Person","@id":"https:\/\/www.bsot.cz\/author\/#Person","name":"","url":"https:\/\/www.bsot.cz\/author\/","identifier":1,"image":{"@type":"ImageObject","@id":"https:\/\/secure.gravatar.com\/avatar\/32bc2d377216483c132a3bbf038b8838926e0616f1b3d0e9cb50d997f0b052ba?s=96&d=mm&r=g","url":"https:\/\/secure.gravatar.com\/avatar\/32bc2d377216483c132a3bbf038b8838926e0616f1b3d0e9cb50d997f0b052ba?s=96&d=mm&r=g","height":96,"width":96}},"publisher":{"@type":"Organization","name":"bsot.cz","logo":{"@type":"ImageObject","@id":"\/logo.png","url":"\/logo.png","width":600,"height":60}},"image":{"@type":"ImageObject","@id":"https:\/\/www.bsot.cz\/wp-content\/uploads\/img_a362610_w4422_t1575728218.jpg","url":"https:\/\/www.bsot.cz\/wp-content\/uploads\/img_a362610_w4422_t1575728218.jpg","height":0,"width":0},"url":"https:\/\/www.bsot.cz\/svatecni-nakupovani\/","about":["Nakupov\u00e1n\u00ed"],"wordCount":527,"articleBody":"Jak jist\u011b v\u00edte, v ned\u00e1vn\u00e9 dob\u011b byla velk\u00e1 debata o tom, jestli o n\u011bkter\u00fdch sv\u00e1tc\u00edch nezak\u00e1zat prodej v prodejn\u00e1ch nad ur\u010ditou velikost prodejn\u00ed plochy. Nakonec to dopadlo tak, \u017ee ve vybran\u00fdch dnech mus\u00ed b\u00fdt zav\u0159eno. Osobn\u011b si nemysl\u00edm, \u017ee je to dobr\u00e9 rozhodnut\u00ed. Ze strany z\u00e1kazn\u00edka si \u0159\u00edk\u00e1m, \u017ee pr\u00e1v\u011b o sv\u00e1tc\u00edch m\u00e1 \u010dlov\u011bk dost \u010dasu si nakoupit a ud\u011blat si p\u0159\u00edjemn\u00fd den spojen\u00fd se z\u00e1bavou.Z hlediska prodava\u010dek se ned\u00e1 \u0159\u00edci, \u017ee v\u0161echny jsou r\u00e1dy, \u017ee nemohou j\u00edt do pr\u00e1ce. Hodn\u011b pracovn\u00edk\u016f v obchod\u011b to bralo tak, \u017ee si m\u016f\u017eou vyd\u011blat v\u00edce pen\u011bz, d\u00edky p\u0159\u00edplatk\u016fm, nav\u00edc v tento den i brig\u00e1dn\u00edci (nap\u0159\u00edklad studenti) si mohli p\u0159ivyd\u011blat. Na\u0161t\u011bst\u00ed pro n\u00e1s jsou v ur\u010dit\u011b sv\u00e1tky zav\u0159en\u00e9 jen n\u011bkter\u00e9 prodejny, tedy ostatn\u00ed jsou otev\u0159eny. Vypad\u00e1 to tro\u0161ku zaj\u00edmav\u011b, kdy\u017e jdete do obchodn\u00edho centra a p\u016flka prodejen je zav\u0159en\u00e1 a druh\u00e1 otev\u0159en\u00e1, je to zvl\u00e1\u0161tn\u00ed. Mysl\u00edm, \u017ee je to nesmysl, p\u0159ece ka\u017ed\u00fd obchodn\u00edk v\u00ed, jestli se mu vyplat\u00ed m\u00edt i o sv\u00e1tc\u00edch otev\u0159eno pro sv\u00e9 z\u00e1kazn\u00edky nebo ne. Volba se m\u011bla nechat na lidech, jestli budou chodit nakupovat. Stanovovat takovou v\u011bc z\u00e1konem je nesmysl, je\u0161t\u011b, \u017ee se to nepovedlo prosadit na v\u00edce sv\u00e1tk\u016f.\u00a0Rozhodn\u011b bych se na to d\u00edval, jako na perfektn\u00ed bonus dne\u0161n\u00ed doby a ve sv\u00e1tky, kdy to jde \u010dlov\u011bk m\u016f\u017ee chodit nakupovat. Zbyte\u010dn\u00e9 to jist\u011b nen\u00ed, je hodn\u011b lid\u00ed, kte\u0159\u00ed zkr\u00e1tka v norm\u00e1ln\u00ed v\u0161edn\u00ed den nebo o v\u00edkendu se nedostane nikam a je r\u00e1d, \u017ee m\u016f\u017ee o sv\u00e1tc\u00edch kone\u010dn\u011b v klidu nakoupit. Pokud se rozhodnete str\u00e1vit jeden ze sv\u00e1tk\u016f, kter\u00fd je ve velk\u00fdch obchodech nad 200 metr\u016f \u010dtvere\u010dn\u00fdch zav\u0159eno, m\u016f\u017eete se p\u0159ece jen pod\u00edvat do men\u0161\u00ed obchod\u016f. Zde toti\u017e z\u00e1le\u017e\u00ed \u010dist\u011b na provozovali, zda bude m\u00edt otev\u0159eno. Stejn\u011b tak se m\u016f\u017eete pod\u00edvat do restaurace, d\u00e1t si n\u011bco dobr\u00e9ho k j\u00eddlu a k pit\u00ed, odpo\u010dinout si, popov\u00eddat si s p\u0159\u00e1teli, zkr\u00e1tka str\u00e1vit hezk\u00fd den. Pak kdy\u017e se v\u00e1m bude cht\u00edt, tak si m\u016f\u017eete proj\u00edt v\u0161echny obchody, kter\u00e9 z\u016fstaly otev\u0159eny a t\u0159eba si i n\u011bco hezk\u00e9ho pro sebe koupit a ud\u011blat si radost. Jestli pat\u0159\u00edte k lidem, kte\u0159\u00ed o sv\u00e1tc\u00edch pr\u00e1v\u011b r\u00e1di nakupuj\u00ed, tak si m\u016f\u017eete p\u0159ece jen p\u0159ij\u00edt na sv\u00e9. Jen se mus\u00edte sm\u00ed\u0159it s t\u00edm, \u017ee nelze j\u00edt do hypermarket\u016f. V\u0161em p\u0159eji kr\u00e1sn\u00e9 sv\u00e1te\u010dn\u00ed dny, a\u0165 u\u017e se rozhodnete tak nebo tak. Hlavn\u00ed je, \u017ee si den u\u017eijete a budete se c\u00edtit dob\u0159e.                                                                                                                                                                                                                                                                                                                                                                                        3.9\/5 - (9 votes)        "},{"@context":"https:\/\/schema.org\/","@type":"BreadcrumbList","itemListElement":[{"@type":"ListItem","position":1,"name":"Sv\u00e1te\u010dn\u00ed nakupov\u00e1n\u00ed","item":"https:\/\/www.bsot.cz\/svatecni-nakupovani\/#breadcrumbitem"}]}]